{"id":1661,"date":"2025-04-29T12:25:03","date_gmt":"2025-04-29T10:25:03","guid":{"rendered":"https:\/\/mercan.nu\/?p=1661"},"modified":"2025-04-29T12:25:04","modified_gmt":"2025-04-29T10:25:04","slug":"babyboomer-negle-en-moderne-klassiker-i-negledesign","status":"publish","type":"post","link":"https:\/\/mercan.nu\/en\/blog\/babyboomer-negle-en-moderne-klassiker-i-negledesign\/","title":{"rendered":"Babyboomer negle: En moderne klassiker i negledesign"},"content":{"rendered":"","protected":false},"excerpt":{"rendered":"","protected":false},"author":1,"featured_media":1663,"comment_status":"open","ping_status":"open","sticky":false,"template":"","format":"standard","meta":{"_acf_changed":false,"footnotes":""},"categories":[23],"tags":[],"class_list":["post-1661","post","type-post","status-publish","format-standard","has-post-thumbnail","hentry","category-blog"],"acf":[],"yoast_head":"<!-- This site is optimized with the Yoast SEO plugin v27.4 - https:\/\/yoast.com\/product\/yoast-seo-wordpress\/ -->\n<title>Babyboomer negle \u2013 Tidl\u00f8st, elegant look<\/title>\n<meta name=\"description\" content=\"Babyboomer negle er en elegant og alsidig manicure med bl\u00f8d farveovergang, perfekt til b\u00e5de hverdag og festlige anledninger.\" \/>\n<meta name=\"robots\" content=\"index, follow, max-snippet:-1, max-image-preview:large, max-video-preview:-1\" \/>\n<link rel=\"canonical\" href=\"https:\/\/mercan.nu\/en\/blog\/babyboomer-negle-en-moderne-klassiker-i-negledesign\/\" \/>\n<meta property=\"og:locale\" content=\"en_GB\" \/>\n<meta property=\"og:type\" content=\"article\" \/>\n<meta property=\"og:title\" content=\"Babyboomer negle \u2013 Tidl\u00f8st, elegant look\" \/>\n<meta property=\"og:description\" content=\"Babyboomer negle er en elegant og alsidig manicure med bl\u00f8d farveovergang, perfekt til b\u00e5de hverdag og festlige anledninger.\" \/>\n<meta property=\"og:url\" content=\"https:\/\/mercan.nu\/en\/blog\/babyboomer-negle-en-moderne-klassiker-i-negledesign\/\" \/>\n<meta property=\"og:site_name\" content=\"Mercan\" \/>\n<meta property=\"article:published_time\" content=\"2025-04-29T10:25:03+00:00\" \/>\n<meta property=\"article:modified_time\" content=\"2025-04-29T10:25:04+00:00\" \/>\n<meta property=\"og:image\" content=\"https:\/\/mercan.nu\/wp-content\/uploads\/2025\/04\/ChatGPT-Image-29.-apr.-2025-12.24.30.png\" \/>\n\t<meta property=\"og:image:width\" content=\"1024\" \/>\n\t<meta property=\"og:image:height\" content=\"1024\" \/>\n\t<meta property=\"og:image:type\" content=\"image\/png\" \/>\n<meta name=\"author\" content=\"admin\" \/>\n<meta name=\"twitter:card\" content=\"summary_large_image\" \/>\n<meta name=\"twitter:label1\" content=\"Written by\" \/>\n\t<meta name=\"twitter:data1\" content=\"admin\" \/>\n\t<meta name=\"twitter:label2\" content=\"Estimated reading time\" \/>\n\t<meta name=\"twitter:data2\" content=\"1 minute\" \/>\n<script type=\"application\/ld+json\" class=\"yoast-schema-graph\">{\"@context\":\"https:\\\/\\\/schema.org\",\"@graph\":[{\"@type\":\"Article\",\"@id\":\"https:\\\/\\\/mercan.nu\\\/blog\\\/babyboomer-negle-en-moderne-klassiker-i-negledesign\\\/#article\",\"isPartOf\":{\"@id\":\"https:\\\/\\\/mercan.nu\\\/blog\\\/babyboomer-negle-en-moderne-klassiker-i-negledesign\\\/\"},\"author\":{\"name\":\"admin\",\"@id\":\"https:\\\/\\\/mercan.nu\\\/#\\\/schema\\\/person\\\/39622d73a33b47538dc599085bf62f5b\"},\"headline\":\"Babyboomer negle: En moderne klassiker i negledesign\",\"datePublished\":\"2025-04-29T10:25:03+00:00\",\"dateModified\":\"2025-04-29T10:25:04+00:00\",\"mainEntityOfPage\":{\"@id\":\"https:\\\/\\\/mercan.nu\\\/blog\\\/babyboomer-negle-en-moderne-klassiker-i-negledesign\\\/\"},\"wordCount\":7,\"commentCount\":0,\"publisher\":{\"@id\":\"https:\\\/\\\/mercan.nu\\\/#organization\"},\"image\":{\"@id\":\"https:\\\/\\\/mercan.nu\\\/blog\\\/babyboomer-negle-en-moderne-klassiker-i-negledesign\\\/#primaryimage\"},\"thumbnailUrl\":\"https:\\\/\\\/mercan.nu\\\/wp-content\\\/uploads\\\/2025\\\/04\\\/ChatGPT-Image-29.-apr.-2025-12.24.30.png\",\"articleSection\":[\"Blog\"],\"inLanguage\":\"en-GB\",\"potentialAction\":[{\"@type\":\"CommentAction\",\"name\":\"Comment\",\"target\":[\"https:\\\/\\\/mercan.nu\\\/blog\\\/babyboomer-negle-en-moderne-klassiker-i-negledesign\\\/#respond\"]}]},{\"@type\":\"WebPage\",\"@id\":\"https:\\\/\\\/mercan.nu\\\/blog\\\/babyboomer-negle-en-moderne-klassiker-i-negledesign\\\/\",\"url\":\"https:\\\/\\\/mercan.nu\\\/blog\\\/babyboomer-negle-en-moderne-klassiker-i-negledesign\\\/\",\"name\":\"Babyboomer negle \u2013 Tidl\u00f8st, elegant look\",\"isPartOf\":{\"@id\":\"https:\\\/\\\/mercan.nu\\\/#website\"},\"primaryImageOfPage\":{\"@id\":\"https:\\\/\\\/mercan.nu\\\/blog\\\/babyboomer-negle-en-moderne-klassiker-i-negledesign\\\/#primaryimage\"},\"image\":{\"@id\":\"https:\\\/\\\/mercan.nu\\\/blog\\\/babyboomer-negle-en-moderne-klassiker-i-negledesign\\\/#primaryimage\"},\"thumbnailUrl\":\"https:\\\/\\\/mercan.nu\\\/wp-content\\\/uploads\\\/2025\\\/04\\\/ChatGPT-Image-29.-apr.-2025-12.24.30.png\",\"datePublished\":\"2025-04-29T10:25:03+00:00\",\"dateModified\":\"2025-04-29T10:25:04+00:00\",\"description\":\"Babyboomer negle er en elegant og alsidig manicure med bl\u00f8d farveovergang, perfekt til b\u00e5de hverdag og festlige anledninger.\",\"breadcrumb\":{\"@id\":\"https:\\\/\\\/mercan.nu\\\/blog\\\/babyboomer-negle-en-moderne-klassiker-i-negledesign\\\/#breadcrumb\"},\"inLanguage\":\"en-GB\",\"potentialAction\":[{\"@type\":\"ReadAction\",\"target\":[\"https:\\\/\\\/mercan.nu\\\/blog\\\/babyboomer-negle-en-moderne-klassiker-i-negledesign\\\/\"]}]},{\"@type\":\"ImageObject\",\"inLanguage\":\"en-GB\",\"@id\":\"https:\\\/\\\/mercan.nu\\\/blog\\\/babyboomer-negle-en-moderne-klassiker-i-negledesign\\\/#primaryimage\",\"url\":\"https:\\\/\\\/mercan.nu\\\/wp-content\\\/uploads\\\/2025\\\/04\\\/ChatGPT-Image-29.-apr.-2025-12.24.30.png\",\"contentUrl\":\"https:\\\/\\\/mercan.nu\\\/wp-content\\\/uploads\\\/2025\\\/04\\\/ChatGPT-Image-29.-apr.-2025-12.24.30.png\",\"width\":1024,\"height\":1024,\"caption\":\"babyboomer negle\"},{\"@type\":\"BreadcrumbList\",\"@id\":\"https:\\\/\\\/mercan.nu\\\/blog\\\/babyboomer-negle-en-moderne-klassiker-i-negledesign\\\/#breadcrumb\",\"itemListElement\":[{\"@type\":\"ListItem\",\"position\":1,\"name\":\"Hjem\",\"item\":\"https:\\\/\\\/mercan.nu\\\/\"},{\"@type\":\"ListItem\",\"position\":2,\"name\":\"Babyboomer negle: En moderne klassiker i negledesign\"}]},{\"@type\":\"WebSite\",\"@id\":\"https:\\\/\\\/mercan.nu\\\/#website\",\"url\":\"https:\\\/\\\/mercan.nu\\\/\",\"name\":\"Mercan\",\"description\":\"MERCAN er en app hvor du kan finde ledige tider hos lokale virksomheder. Undg\u00e5 tidsspild og f\u00e5 nye kunder.\",\"publisher\":{\"@id\":\"https:\\\/\\\/mercan.nu\\\/#organization\"},\"potentialAction\":[{\"@type\":\"SearchAction\",\"target\":{\"@type\":\"EntryPoint\",\"urlTemplate\":\"https:\\\/\\\/mercan.nu\\\/?s={search_term_string}\"},\"query-input\":{\"@type\":\"PropertyValueSpecification\",\"valueRequired\":true,\"valueName\":\"search_term_string\"}}],\"inLanguage\":\"en-GB\"},{\"@type\":\"Organization\",\"@id\":\"https:\\\/\\\/mercan.nu\\\/#organization\",\"name\":\"Mercan\",\"url\":\"https:\\\/\\\/mercan.nu\\\/\",\"logo\":{\"@type\":\"ImageObject\",\"inLanguage\":\"en-GB\",\"@id\":\"https:\\\/\\\/mercan.nu\\\/#\\\/schema\\\/logo\\\/image\\\/\",\"url\":\"https:\\\/\\\/mercan.nu\\\/wp-content\\\/uploads\\\/2025\\\/02\\\/main-logo.1bc2b827.svg\",\"contentUrl\":\"https:\\\/\\\/mercan.nu\\\/wp-content\\\/uploads\\\/2025\\\/02\\\/main-logo.1bc2b827.svg\",\"caption\":\"Mercan\"},\"image\":{\"@id\":\"https:\\\/\\\/mercan.nu\\\/#\\\/schema\\\/logo\\\/image\\\/\"}},{\"@type\":\"Person\",\"@id\":\"https:\\\/\\\/mercan.nu\\\/#\\\/schema\\\/person\\\/39622d73a33b47538dc599085bf62f5b\",\"name\":\"admin\",\"image\":{\"@type\":\"ImageObject\",\"inLanguage\":\"en-GB\",\"@id\":\"https:\\\/\\\/mercan.nu\\\/wp-content\\\/litespeed\\\/avatar\\\/6f3c6aeab8564bb0c5d6cc412597b911.jpg?ver=1776877769\",\"url\":\"https:\\\/\\\/mercan.nu\\\/wp-content\\\/litespeed\\\/avatar\\\/6f3c6aeab8564bb0c5d6cc412597b911.jpg?ver=1776877769\",\"contentUrl\":\"https:\\\/\\\/mercan.nu\\\/wp-content\\\/litespeed\\\/avatar\\\/6f3c6aeab8564bb0c5d6cc412597b911.jpg?ver=1776877769\",\"caption\":\"admin\"},\"sameAs\":[\"https:\\\/\\\/a8.webvaekst.dk\"],\"url\":\"https:\\\/\\\/mercan.nu\\\/en\\\/blog\\\/author\\\/jonas_oguiv2da\\\/\"}]}<\/script>\n<!-- \/ Yoast SEO plugin. -->","yoast_head_json":{"title":"Babyboomer negle \u2013 Tidl\u00f8st, elegant look","description":"Babyboomer negle er en elegant og alsidig manicure med bl\u00f8d farveovergang, perfekt til b\u00e5de hverdag og festlige anledninger.","robots":{"index":"index","follow":"follow","max-snippet":"max-snippet:-1","max-image-preview":"max-image-preview:large","max-video-preview":"max-video-preview:-1"},"canonical":"https:\/\/mercan.nu\/en\/blog\/babyboomer-negle-en-moderne-klassiker-i-negledesign\/","og_locale":"en_GB","og_type":"article","og_title":"Babyboomer negle \u2013 Tidl\u00f8st, elegant look","og_description":"Babyboomer negle er en elegant og alsidig manicure med bl\u00f8d farveovergang, perfekt til b\u00e5de hverdag og festlige anledninger.","og_url":"https:\/\/mercan.nu\/en\/blog\/babyboomer-negle-en-moderne-klassiker-i-negledesign\/","og_site_name":"Mercan","article_published_time":"2025-04-29T10:25:03+00:00","article_modified_time":"2025-04-29T10:25:04+00:00","og_image":[{"width":1024,"height":1024,"url":"https:\/\/mercan.nu\/wp-content\/uploads\/2025\/04\/ChatGPT-Image-29.-apr.-2025-12.24.30.png","type":"image\/png"}],"author":"admin","twitter_card":"summary_large_image","twitter_misc":{"Written by":"admin","Estimated reading time":"1 minute"},"schema":{"@context":"https:\/\/schema.org","@graph":[{"@type":"Article","@id":"https:\/\/mercan.nu\/blog\/babyboomer-negle-en-moderne-klassiker-i-negledesign\/#article","isPartOf":{"@id":"https:\/\/mercan.nu\/blog\/babyboomer-negle-en-moderne-klassiker-i-negledesign\/"},"author":{"name":"admin","@id":"https:\/\/mercan.nu\/#\/schema\/person\/39622d73a33b47538dc599085bf62f5b"},"headline":"Babyboomer negle: En moderne klassiker i negledesign","datePublished":"2025-04-29T10:25:03+00:00","dateModified":"2025-04-29T10:25:04+00:00","mainEntityOfPage":{"@id":"https:\/\/mercan.nu\/blog\/babyboomer-negle-en-moderne-klassiker-i-negledesign\/"},"wordCount":7,"commentCount":0,"publisher":{"@id":"https:\/\/mercan.nu\/#organization"},"image":{"@id":"https:\/\/mercan.nu\/blog\/babyboomer-negle-en-moderne-klassiker-i-negledesign\/#primaryimage"},"thumbnailUrl":"https:\/\/mercan.nu\/wp-content\/uploads\/2025\/04\/ChatGPT-Image-29.-apr.-2025-12.24.30.png","articleSection":["Blog"],"inLanguage":"en-GB","potentialAction":[{"@type":"CommentAction","name":"Comment","target":["https:\/\/mercan.nu\/blog\/babyboomer-negle-en-moderne-klassiker-i-negledesign\/#respond"]}]},{"@type":"WebPage","@id":"https:\/\/mercan.nu\/blog\/babyboomer-negle-en-moderne-klassiker-i-negledesign\/","url":"https:\/\/mercan.nu\/blog\/babyboomer-negle-en-moderne-klassiker-i-negledesign\/","name":"Babyboomer negle \u2013 Tidl\u00f8st, elegant look","isPartOf":{"@id":"https:\/\/mercan.nu\/#website"},"primaryImageOfPage":{"@id":"https:\/\/mercan.nu\/blog\/babyboomer-negle-en-moderne-klassiker-i-negledesign\/#primaryimage"},"image":{"@id":"https:\/\/mercan.nu\/blog\/babyboomer-negle-en-moderne-klassiker-i-negledesign\/#primaryimage"},"thumbnailUrl":"https:\/\/mercan.nu\/wp-content\/uploads\/2025\/04\/ChatGPT-Image-29.-apr.-2025-12.24.30.png","datePublished":"2025-04-29T10:25:03+00:00","dateModified":"2025-04-29T10:25:04+00:00","description":"Babyboomer negle er en elegant og alsidig manicure med bl\u00f8d farveovergang, perfekt til b\u00e5de hverdag og festlige anledninger.","breadcrumb":{"@id":"https:\/\/mercan.nu\/blog\/babyboomer-negle-en-moderne-klassiker-i-negledesign\/#breadcrumb"},"inLanguage":"en-GB","potentialAction":[{"@type":"ReadAction","target":["https:\/\/mercan.nu\/blog\/babyboomer-negle-en-moderne-klassiker-i-negledesign\/"]}]},{"@type":"ImageObject","inLanguage":"en-GB","@id":"https:\/\/mercan.nu\/blog\/babyboomer-negle-en-moderne-klassiker-i-negledesign\/#primaryimage","url":"https:\/\/mercan.nu\/wp-content\/uploads\/2025\/04\/ChatGPT-Image-29.-apr.-2025-12.24.30.png","contentUrl":"https:\/\/mercan.nu\/wp-content\/uploads\/2025\/04\/ChatGPT-Image-29.-apr.-2025-12.24.30.png","width":1024,"height":1024,"caption":"babyboomer negle"},{"@type":"BreadcrumbList","@id":"https:\/\/mercan.nu\/blog\/babyboomer-negle-en-moderne-klassiker-i-negledesign\/#breadcrumb","itemListElement":[{"@type":"ListItem","position":1,"name":"Hjem","item":"https:\/\/mercan.nu\/"},{"@type":"ListItem","position":2,"name":"Babyboomer negle: En moderne klassiker i negledesign"}]},{"@type":"WebSite","@id":"https:\/\/mercan.nu\/#website","url":"https:\/\/mercan.nu\/","name":"Mercan","description":"MERCAN er en app hvor du kan finde ledige tider hos lokale virksomheder. Undg\u00e5 tidsspild og f\u00e5 nye kunder.","publisher":{"@id":"https:\/\/mercan.nu\/#organization"},"potentialAction":[{"@type":"SearchAction","target":{"@type":"EntryPoint","urlTemplate":"https:\/\/mercan.nu\/?s={search_term_string}"},"query-input":{"@type":"PropertyValueSpecification","valueRequired":true,"valueName":"search_term_string"}}],"inLanguage":"en-GB"},{"@type":"Organization","@id":"https:\/\/mercan.nu\/#organization","name":"Mercan","url":"https:\/\/mercan.nu\/","logo":{"@type":"ImageObject","inLanguage":"en-GB","@id":"https:\/\/mercan.nu\/#\/schema\/logo\/image\/","url":"https:\/\/mercan.nu\/wp-content\/uploads\/2025\/02\/main-logo.1bc2b827.svg","contentUrl":"https:\/\/mercan.nu\/wp-content\/uploads\/2025\/02\/main-logo.1bc2b827.svg","caption":"Mercan"},"image":{"@id":"https:\/\/mercan.nu\/#\/schema\/logo\/image\/"}},{"@type":"Person","@id":"https:\/\/mercan.nu\/#\/schema\/person\/39622d73a33b47538dc599085bf62f5b","name":"admin","image":{"@type":"ImageObject","inLanguage":"en-GB","@id":"https:\/\/mercan.nu\/wp-content\/litespeed\/avatar\/6f3c6aeab8564bb0c5d6cc412597b911.jpg?ver=1776877769","url":"https:\/\/mercan.nu\/wp-content\/litespeed\/avatar\/6f3c6aeab8564bb0c5d6cc412597b911.jpg?ver=1776877769","contentUrl":"https:\/\/mercan.nu\/wp-content\/litespeed\/avatar\/6f3c6aeab8564bb0c5d6cc412597b911.jpg?ver=1776877769","caption":"admin"},"sameAs":["https:\/\/a8.webvaekst.dk"],"url":"https:\/\/mercan.nu\/en\/blog\/author\/jonas_oguiv2da\/"}]}},"_links":{"self":[{"href":"https:\/\/mercan.nu\/en\/wp-json\/wp\/v2\/posts\/1661","targetHints":{"allow":["GET"]}}],"collection":[{"href":"https:\/\/mercan.nu\/en\/wp-json\/wp\/v2\/posts"}],"about":[{"href":"https:\/\/mercan.nu\/en\/wp-json\/wp\/v2\/types\/post"}],"author":[{"embeddable":true,"href":"https:\/\/mercan.nu\/en\/wp-json\/wp\/v2\/users\/1"}],"replies":[{"embeddable":true,"href":"https:\/\/mercan.nu\/en\/wp-json\/wp\/v2\/comments?post=1661"}],"version-history":[{"count":2,"href":"https:\/\/mercan.nu\/en\/wp-json\/wp\/v2\/posts\/1661\/revisions"}],"predecessor-version":[{"id":1664,"href":"https:\/\/mercan.nu\/en\/wp-json\/wp\/v2\/posts\/1661\/revisions\/1664"}],"wp:featuredmedia":[{"embeddable":true,"href":"https:\/\/mercan.nu\/en\/wp-json\/wp\/v2\/media\/1663"}],"wp:attachment":[{"href":"https:\/\/mercan.nu\/en\/wp-json\/wp\/v2\/media?parent=1661"}],"wp:term":[{"taxonomy":"category","embeddable":true,"href":"https:\/\/mercan.nu\/en\/wp-json\/wp\/v2\/categories?post=1661"},{"taxonomy":"post_tag","embeddable":true,"href":"https:\/\/mercan.nu\/en\/wp-json\/wp\/v2\/tags?post=1661"}],"curies":[{"name":"wp","href":"https:\/\/api.w.org\/{rel}","templated":true}]}}