{"id":2015,"date":"2025-07-09T09:14:05","date_gmt":"2025-07-09T07:14:05","guid":{"rendered":"https:\/\/mercan.nu\/?p=2015"},"modified":"2025-07-13T16:50:44","modified_gmt":"2025-07-13T14:50:44","slug":"skal-din-klinik-holde-sommerlukket-her-er-6-ting-du-skal-forberede-dig-paa-baade-oekonomisk-og-praktisk-2","status":"publish","type":"post","link":"https:\/\/mercan.nu\/en\/blog\/skal-din-klinik-holde-sommerlukket-her-er-6-ting-du-skal-forberede-dig-paa-baade-oekonomisk-og-praktisk-2\/","title":{"rendered":"Skal din klinik holde sommerlukket? Her er 6 ting, du skal forberede dig p\u00e5 \u2013 b\u00e5de \u00f8konomisk og praktisk\u00a0"},"content":{"rendered":"<div data-elementor-type=\"wp-post\" data-elementor-id=\"2015\" class=\"elementor elementor-2015\" data-elementor-post-type=\"post\">\n\t\t\t\t<div class=\"elementor-element elementor-element-e322d78 e-con-full e-flex e-con e-parent\" data-id=\"e322d78\" data-element_type=\"container\" data-e-type=\"container\">\n\t\t\t\t<div class=\"elementor-element elementor-element-ee9cf8c elementor-widget elementor-widget-heading\" data-id=\"ee9cf8c\" data-element_type=\"widget\" data-e-type=\"widget\" data-widget_type=\"heading.default\">\n\t\t\t\t\t<h2 class=\"elementor-heading-title elementor-size-default\">Skal din klinik holde sommerlukket? <\/h2>\t\t\t\t<\/div>\n\t\t\t\t<\/div>\n\t\t<div class=\"elementor-element elementor-element-0c3bc62 e-flex e-con-boxed e-con e-parent\" data-id=\"0c3bc62\" data-element_type=\"container\" data-e-type=\"container\">\n\t\t\t\t\t<div class=\"e-con-inner\">\n\t\t\t\t<div class=\"elementor-element elementor-element-4178509 elementor-widget elementor-widget-text-editor\" data-id=\"4178509\" data-element_type=\"widget\" data-e-type=\"widget\" data-widget_type=\"text-editor.default\">\n\t\t\t\t\t\t\t\t\t<h5>F\u00e5 6 konkrete r\u00e5d til \u00f8konomi, booking og planl\u00e6gning, s\u00e5 du kan holde ferie med ro i maven.<\/h5>\t\t\t\t\t\t\t\t<\/div>\n\t\t\t\t<div class=\"elementor-element elementor-element-0d8aa2c elementor-widget elementor-widget-image\" data-id=\"0d8aa2c\" data-element_type=\"widget\" data-e-type=\"widget\" data-widget_type=\"image.default\">\n\t\t\t\t\t\t\t\t\t\t\t\t\t\t\t<img fetchpriority=\"high\" decoding=\"async\" width=\"704\" height=\"384\" src=\"https:\/\/mercan.nu\/wp-content\/uploads\/2025\/07\/c6068a7b-1919-498e-93e2-2729cb95043c.png\" class=\"attachment-large size-large wp-image-2017\" alt=\"\" srcset=\"https:\/\/mercan.nu\/wp-content\/uploads\/2025\/07\/c6068a7b-1919-498e-93e2-2729cb95043c.png.webp 704w, https:\/\/mercan.nu\/wp-content\/uploads\/2025\/07\/c6068a7b-1919-498e-93e2-2729cb95043c-300x164.png.webp 300w, https:\/\/mercan.nu\/wp-content\/uploads\/2025\/07\/c6068a7b-1919-498e-93e2-2729cb95043c-18x10.png.webp 18w\" sizes=\"(max-width: 704px) 100vw, 704px\" \/>\t\t\t\t\t\t\t\t\t\t\t\t\t\t\t<\/div>\n\t\t\t\t<div class=\"elementor-element elementor-element-6ebdb88 elementor-widget elementor-widget-text-editor\" data-id=\"6ebdb88\" data-element_type=\"widget\" data-e-type=\"widget\" data-widget_type=\"text-editor.default\">\n\t\t\t\t\t\t\t\t\t<p data-start=\"201\" data-end=\"526\"><em>Tid til sommerferie \u2013 eller bare ferie generelt \u2013 kan, helt \u00e6rligt, f\u00f8les som en mavepuster for de fleste selvst\u00e6ndige. Det er der bare ikke s\u00e5 mange, der taler om. For man vil jo ikke fremst\u00e5 svag \u2013 hverken overfor sine kunder, konkurrenter eller dem t\u00e6ttest p\u00e5 \u00e9n. Man vil ikke g\u00f8re andre nerv\u00f8se over ens egne bekymringer.<\/em><\/p><p data-start=\"528\" data-end=\"848\"><em>Men det er en reel bekymring. Heldigvis er der meget, vi selv kan g\u00f8re for at forebygge \u2013 s\u00e6rligt n\u00e5r det kommer til virksomhedens \u00f8konomi. Uanset om du driver en enkeltmandsvirksomhed, et ApS eller&#8230; ja, et A\/S \u2013 okay, hvis du l\u00e6ser med her og har et A\/S, s\u00e5 skriv endelig, for vi har faktisk ikke m\u00f8dt nogen endnu!<\/em><\/p><p data-start=\"850\" data-end=\"1068\"><em>Ferie betyder noget forskelligt for os alle: frihed, ro, eller bare en pause fra hverdagens tempo. Men \u00e9n ting kan vi vist godt blive enige om \u2013 ferie b\u00f8r ikke v\u00e6re det tidspunkt, hvor du skal bekymre dig om \u00f8konomien.<\/em><\/p><p data-start=\"1070\" data-end=\"1197\"><em>Men ferie betyder ogs\u00e5 lukkedage, og lukkedage betyder ingen oms\u00e6tning. S\u00e5 hvordan holder man ferie uden \u00f8konomisk uro i maven?<\/em><\/p><p data-start=\"1199\" data-end=\"1289\"><em>Det kan du l\u00e6se mere om i denne artikel.<\/em><br data-start=\"1239\" data-end=\"1242\" \/><em><strong data-start=\"1242\" data-end=\"1289\">God l\u00e6selyst, brug det som check point \u2013 og rigtig god ferie til dig.<\/strong><\/em><\/p>\t\t\t\t\t\t\t\t<\/div>\n\t\t\t\t\t<\/div>\n\t\t\t\t<\/div>\n\t\t<div class=\"elementor-element elementor-element-8095f8a e-flex e-con-boxed e-con e-parent\" data-id=\"8095f8a\" data-element_type=\"container\" data-e-type=\"container\">\n\t\t\t\t\t<div class=\"e-con-inner\">\n\t\t<div class=\"elementor-element elementor-element-3e54524 e-con-full e-flex e-con e-child\" data-id=\"3e54524\" data-element_type=\"container\" data-e-type=\"container\">\n\t\t\t\t<div class=\"elementor-element elementor-element-45d61c3 elementor-widget__width-initial elementor-widget elementor-widget-image\" data-id=\"45d61c3\" data-element_type=\"widget\" data-e-type=\"widget\" data-widget_type=\"image.default\">\n\t\t\t\t\t\t\t\t\t\t\t\t\t\t\t<img decoding=\"async\" width=\"800\" height=\"792\" data-src=\"https:\/\/mercan.nu\/wp-content\/uploads\/2025\/07\/IMG_7859.jpg\" class=\"attachment-large size-large wp-image-1957 lazyload\" alt=\"\" data-srcset=\"https:\/\/mercan.nu\/wp-content\/uploads\/2025\/07\/IMG_7859.jpg 828w, https:\/\/mercan.nu\/wp-content\/uploads\/2025\/07\/IMG_7859-300x297.jpg.webp 300w, https:\/\/mercan.nu\/wp-content\/uploads\/2025\/07\/IMG_7859-150x150.jpg.webp 150w, https:\/\/mercan.nu\/wp-content\/uploads\/2025\/07\/IMG_7859-768x761.jpg.webp 768w, https:\/\/mercan.nu\/wp-content\/uploads\/2025\/07\/IMG_7859-12x12.jpg.webp 12w\" data-sizes=\"(max-width: 800px) 100vw, 800px\" src=\"data:image\/svg+xml;base64,PHN2ZyB3aWR0aD0iMSIgaGVpZ2h0PSIxIiB4bWxucz0iaHR0cDovL3d3dy53My5vcmcvMjAwMC9zdmciPjwvc3ZnPg==\" style=\"--smush-placeholder-width: 800px; --smush-placeholder-aspect-ratio: 800\/792;\" \/>\t\t\t\t\t\t\t\t\t\t\t\t\t\t\t<\/div>\n\t\t\t\t<\/div>\n\t\t<div class=\"elementor-element elementor-element-7ade278 e-con-full e-flex e-con e-child\" data-id=\"7ade278\" data-element_type=\"container\" data-e-type=\"container\">\n\t\t\t\t<div class=\"elementor-element elementor-element-52bb48d elementor-widget__width-initial elementor-widget elementor-widget-image\" data-id=\"52bb48d\" data-element_type=\"widget\" data-e-type=\"widget\" data-widget_type=\"image.default\">\n\t\t\t\t\t\t\t\t\t\t\t\t\t\t\t<img decoding=\"async\" data-src=\"https:\/\/mercan.nu\/wp-content\/uploads\/2025\/07\/IMG_7862-e1751961204689.jpg\" title=\"IMG_7862\" alt=\"IMG_7862\" src=\"data:image\/svg+xml;base64,PHN2ZyB3aWR0aD0iMSIgaGVpZ2h0PSIxIiB4bWxucz0iaHR0cDovL3d3dy53My5vcmcvMjAwMC9zdmciPjwvc3ZnPg==\" class=\"lazyload\" style=\"--smush-placeholder-width: 468px; --smush-placeholder-aspect-ratio: 468\/544;\" \/>\t\t\t\t\t\t\t\t\t\t\t\t\t\t\t<\/div>\n\t\t\t\t<\/div>\n\t\t\t\t\t<\/div>\n\t\t\t\t<\/div>\n\t\t<div class=\"elementor-element elementor-element-1b75c50 e-flex e-con-boxed e-con e-parent\" data-id=\"1b75c50\" data-element_type=\"container\" data-e-type=\"container\">\n\t\t\t\t\t<div class=\"e-con-inner\">\n\t\t\t\t<div class=\"elementor-element elementor-element-e08ff14 elementor-widget__width-initial elementor-widget elementor-widget-text-editor\" data-id=\"e08ff14\" data-element_type=\"widget\" data-e-type=\"widget\" data-widget_type=\"text-editor.default\">\n\t\t\t\t\t\t\t\t\t<h3 data-start=\"775\" data-end=\"807\">Lav en \u00f8konomisk buffer<\/h3><p data-start=\"808\" data-end=\"1000\">N\u00e5r klinikken holder lukket, skal du stadig betale husleje, forsikring, software og evt. l\u00f8n til ansatte. G\u00f8r dig derfor klart, hvad dine faste udgifter er \u2013 og l\u00e6g penge til side i god tid.<\/p><p data-start=\"1002\" data-end=\"1036\">Et godt tip er at regne bagl\u00e6ns:<\/p><ul data-start=\"1037\" data-end=\"1244\"><li data-start=\"1037\" data-end=\"1071\"><p data-start=\"1039\" data-end=\"1071\">Hvor mange uger holder du fri?<\/p><\/li><li data-start=\"1072\" data-end=\"1150\"><p data-start=\"1074\" data-end=\"1150\">Hvad koster det dig om ugen at holde klinikken k\u00f8rende \u2013 ogs\u00e5 uden kunder?<\/p><\/li><li data-start=\"1151\" data-end=\"1244\"><p data-start=\"1153\" data-end=\"1244\">Har du opsparingen klar, eller skal du justere dine priser\/kampagner i tiden op til ferien?<\/p><\/li><\/ul><p>\u00a0<\/p><h3 data-start=\"1355\" data-end=\"1394\">Inform\u00e9r dine kunder i god tid<\/h3><p data-start=\"1395\" data-end=\"1528\">En lukket klinik kommer sj\u00e6ldent belejligt for dine faste kunder \u2013 is\u00e6r ikke hvis de bliver overraskede. Giv derfor besked i god tid:<\/p><ul data-start=\"1530\" data-end=\"1705\"><li data-start=\"1530\" data-end=\"1570\"><p data-start=\"1532\" data-end=\"1570\">Send nyhedsbrev eller SMS-p\u00e5mindelse<\/p><\/li><li data-start=\"1571\" data-end=\"1603\"><p data-start=\"1573\" data-end=\"1603\">Del opslag p\u00e5 sociale medier<\/p><\/li><li data-start=\"1604\" data-end=\"1656\"><p data-start=\"1606\" data-end=\"1656\">Fort\u00e6l det i klinikken og via din profil i appen<\/p><\/li><li data-start=\"1657\" data-end=\"1705\"><p data-start=\"1659\" data-end=\"1705\">Lav evt. udvidede \u00e5bningstider i ugerne op til<\/p><\/li><\/ul><p data-start=\"1707\" data-end=\"1805\">Det skaber tillid \u2013 og mange vil booke tid f\u00f8r eller efter din ferie, hvis du g\u00f8r det let for dem.<\/p><h3 data-start=\"1812\" data-end=\"1845\">Luk din kalender korrekt<\/h3><p data-start=\"1846\" data-end=\"2007\">Husk at blokere din kalender i hele ferieperioden, s\u00e5 ingen ved en fejl kan booke dig. Det g\u00e6lder b\u00e5de din online booking via MERCAN og andre systemer du bruger.<\/p><ul data-start=\"2009\" data-end=\"2292\"><li data-start=\"2009\" data-end=\"2069\"><p data-start=\"2011\" data-end=\"2069\">Bloker feriedagene i kalenderen (b\u00e5de p\u00e5 mobil og desktop)<\/p><\/li><li data-start=\"2070\" data-end=\"2152\"><p data-start=\"2072\" data-end=\"2152\">Undg\u00e5 bookinger f\u00f8r\/efter, hvis du har brug for ro til opstart eller oprydning<\/p><\/li><li data-start=\"2153\" data-end=\"2220\"><p data-start=\"2155\" data-end=\"2220\">Har du ansatte? S\u00f8rg for, at deres kalendere ogs\u00e5 er opdaterede<\/p><\/li><li data-start=\"2221\" data-end=\"2292\"><p data-start=\"2223\" data-end=\"2292\">Test som kunde, at det faktisk ikke er muligt at booke dig i perioden<\/p><\/li><\/ul><p>\u00a0<\/p><p>\u00a0<\/p>\t\t\t\t\t\t\t\t<\/div>\n\t\t\t\t\t<\/div>\n\t\t\t\t<\/div>\n\t\t<div class=\"elementor-element elementor-element-11c34bb e-flex e-con-boxed e-con e-parent\" data-id=\"11c34bb\" data-element_type=\"container\" data-e-type=\"container\">\n\t\t\t\t\t<div class=\"e-con-inner\">\n\t\t<div class=\"elementor-element elementor-element-93dff9a e-con-full e-flex e-con e-child\" data-id=\"93dff9a\" data-element_type=\"container\" data-e-type=\"container\">\n\t\t<div class=\"elementor-element elementor-element-290e2a4 e-con-full e-flex e-con e-child\" data-id=\"290e2a4\" data-element_type=\"container\" data-e-type=\"container\">\n\t\t\t\t<div class=\"elementor-element elementor-element-fe10688 elementor-widget__width-initial elementor-widget elementor-widget-image\" data-id=\"fe10688\" data-element_type=\"widget\" data-e-type=\"widget\" data-widget_type=\"image.default\">\n\t\t\t\t\t\t\t\t\t\t\t\t\t\t\t<img decoding=\"async\" width=\"474\" height=\"747\" data-src=\"https:\/\/mercan.nu\/wp-content\/uploads\/2025\/07\/IMG_7865-e1752045144334.jpg\" class=\"attachment-large size-large wp-image-2019 lazyload\" alt=\"\" data-srcset=\"https:\/\/mercan.nu\/wp-content\/uploads\/2025\/07\/IMG_7865-e1752045144334.jpg.webp 474w, https:\/\/mercan.nu\/wp-content\/uploads\/2025\/07\/IMG_7865-e1752045144334-190x300.jpg.webp 190w, https:\/\/mercan.nu\/wp-content\/uploads\/2025\/07\/IMG_7865-e1752045144334-8x12.jpg.webp 8w\" data-sizes=\"(max-width: 474px) 100vw, 474px\" src=\"data:image\/svg+xml;base64,PHN2ZyB3aWR0aD0iMSIgaGVpZ2h0PSIxIiB4bWxucz0iaHR0cDovL3d3dy53My5vcmcvMjAwMC9zdmciPjwvc3ZnPg==\" style=\"--smush-placeholder-width: 474px; --smush-placeholder-aspect-ratio: 474\/747;\" \/>\t\t\t\t\t\t\t\t\t\t\t\t\t\t\t<\/div>\n\t\t\t\t<\/div>\n\t\t<div class=\"elementor-element elementor-element-792c495 e-con-full e-flex e-con e-child\" data-id=\"792c495\" data-element_type=\"container\" data-e-type=\"container\">\n\t\t\t\t<div class=\"elementor-element elementor-element-9d23783 elementor-widget elementor-widget-image\" data-id=\"9d23783\" data-element_type=\"widget\" data-e-type=\"widget\" data-widget_type=\"image.default\">\n\t\t\t\t\t\t\t\t\t\t\t\t\t\t\t<img decoding=\"async\" data-src=\"https:\/\/mercan.nu\/wp-content\/uploads\/2025\/07\/IMG_7863-e1752044930508.jpg\" title=\"IMG_7863\" alt=\"IMG_7863\" src=\"data:image\/svg+xml;base64,PHN2ZyB3aWR0aD0iMSIgaGVpZ2h0PSIxIiB4bWxucz0iaHR0cDovL3d3dy53My5vcmcvMjAwMC9zdmciPjwvc3ZnPg==\" class=\"lazyload\" style=\"--smush-placeholder-width: 1200px; --smush-placeholder-aspect-ratio: 1200\/1547;\" \/>\t\t\t\t\t\t\t\t\t\t\t\t\t\t\t<\/div>\n\t\t\t\t<\/div>\n\t\t\t\t<\/div>\n\t\t\t\t\t<\/div>\n\t\t\t\t<\/div>\n\t\t<div class=\"elementor-element elementor-element-82d03a0 e-con-full e-flex e-con e-parent\" data-id=\"82d03a0\" data-element_type=\"container\" data-e-type=\"container\">\n\t\t\t\t<div class=\"elementor-element elementor-element-2ac6784 elementor-widget__width-initial elementor-widget elementor-widget-text-editor\" data-id=\"2ac6784\" data-element_type=\"widget\" data-e-type=\"widget\" data-widget_type=\"text-editor.default\">\n\t\t\t\t\t\t\t\t\t<h3 data-start=\"2407\" data-end=\"2453\">Planl\u00e6g kampagner f\u00f8r og efter ferien<\/h3><p data-start=\"2454\" data-end=\"2580\">Mange klinikker oplever enten stilstand eller travlhed op til ferien. Udnyt det aktivt ved at k\u00f8re sm\u00e5 kampagner eller tilbud:<\/p><ul data-start=\"2582\" data-end=\"2796\"><li data-start=\"2582\" data-end=\"2617\"><p data-start=\"2584\" data-end=\"2617\">\u201cSommerklar-pakker\u201d f\u00f8r lukning<\/p><\/li><li data-start=\"2618\" data-end=\"2665\"><p data-start=\"2620\" data-end=\"2665\">\u201cEfter-sommer-fix\u201d til h\u00e5r, hud eller negle<\/p><\/li><li data-start=\"2666\" data-end=\"2738\"><p data-start=\"2668\" data-end=\"2738\">Tilbud til faste kunder, hvis de booker tidligt til august\/september<\/p><\/li><li data-start=\"2739\" data-end=\"2796\"><p data-start=\"2741\" data-end=\"2796\">Gratis goodiebag til dem der booker to tider p\u00e5 \u00e9n gang eksempelvis pedicure\/manicure eller brow lamination og lash lift.<\/p><\/li><\/ul><p data-start=\"2798\" data-end=\"2902\">\u00a0Dette kan b\u00e5de \u00f8ge indtjeningen og sprede bookingerne, s\u00e5 du undg\u00e5r presset lige f\u00f8r og efter din ferie. Husk ogs\u00e5 at brug MERCAN n\u00e5r det\u00a0 \u00a0er, du har huller i kalenderen, for at f\u00e5 s\u00e5 mange kunder som muligt i kalenderen.<\/p><h3 data-start=\"2909\" data-end=\"2957\">F\u00e5 styr p\u00e5 moms, regninger og deadlines<\/h3><p data-start=\"2958\" data-end=\"3054\">Midt i ferieplanl\u00e6gningen kan det v\u00e6re let at overse vigtige datoer for betalinger. Tjek derfor:<\/p><ul data-start=\"3056\" data-end=\"3200\"><li data-start=\"3056\" data-end=\"3094\"><p data-start=\"3058\" data-end=\"3094\">Hvorn\u00e5r skal der indberettes moms? henoveren sommer plejer det at v\u00e6re i september, s\u00e5 husk dette inden din ferie, s\u00e5 du ikke kommer i tanke om det, mens du drikker pina colada ved stranden.<\/p><\/li><li data-start=\"3095\" data-end=\"3147\"><p data-start=\"3097\" data-end=\"3147\">Skal du betale l\u00f8n eller feriepenge til ansatte?<\/p><\/li><li data-start=\"3148\" data-end=\"3200\"><p data-start=\"3150\" data-end=\"3200\">Er der faste regninger, der forfalder i din ferie?<\/p><\/li><\/ul><p data-start=\"3202\" data-end=\"3306\">Lav en simpel tjekliste og f\u00e5 det hele betalt p\u00e5 forh\u00e5nd, s\u00e5 du ikke skal sidde med \u00f8konomi p\u00e5 stranden.<\/p><h3 data-start=\"3313\" data-end=\"3344\">Brug ferien strategisk<\/h3><p data-start=\"3345\" data-end=\"3463\">Lad os v\u00e6re \u00e6rlige, ja vi holder ferie, men som selvst\u00e6ndige reflektere man meget over hvordan n\u00e6ste s\u00e6son kan forbedre sig.<br \/>Selvom klinikken er lukket, kan ferien v\u00e6re et godt tidspunkt til at g\u00f8re klar til n\u00e6ste s\u00e6son. Brug evt. lidt tid p\u00e5:<\/p><ul data-start=\"3465\" data-end=\"3702\"><li data-start=\"3465\" data-end=\"3525\"><p data-start=\"3467\" data-end=\"3525\">At tage nye billeder til dine profiler og sociale medier<\/p><\/li><li data-start=\"3526\" data-end=\"3579\"><p data-start=\"3528\" data-end=\"3579\">Opdatere dine ydelser og priser i bookingsystemet<\/p><\/li><li data-start=\"3580\" data-end=\"3639\"><p data-start=\"3582\" data-end=\"3639\">Planl\u00e6gge nyhedsbreve og indhold til efter sommerferien<\/p><\/li><li data-start=\"3640\" data-end=\"3702\"><p data-start=\"3642\" data-end=\"3702\">T\u00e6nke over nye behandlinger eller samarbejder du vil tilbyde<\/p><\/li><\/ul>\t\t\t\t\t\t\t\t<\/div>\n\t\t\t\t<\/div>\n\t\t<div class=\"elementor-element elementor-element-a02947b e-flex e-con-boxed e-con e-parent\" data-id=\"a02947b\" data-element_type=\"container\" data-e-type=\"container\">\n\t\t\t\t\t<div class=\"e-con-inner\">\n\t\t<div class=\"elementor-element elementor-element-64f4ed0 e-con-full e-flex e-con e-child\" data-id=\"64f4ed0\" data-element_type=\"container\" data-e-type=\"container\" data-settings=\"{&quot;background_background&quot;:&quot;video&quot;,&quot;background_video_link&quot;:&quot;https:\\\/\\\/mercan.nu\\\/wp-content\\\/uploads\\\/2025\\\/02\\\/til-space.mp4&quot;,&quot;background_play_on_mobile&quot;:&quot;yes&quot;}\">\n\t\t<div class=\"elementor-background-video-container\">\n\t\t\t\t\t\t\t<video class=\"elementor-background-video-hosted\" role=\"presentation\" autoplay muted playsinline loop><\/video>\n\t\t\t\t\t<\/div>\t\t<\/div>\n\t\t<div class=\"elementor-element elementor-element-f2593e6 e-con-full e-flex e-con e-child\" data-id=\"f2593e6\" data-element_type=\"container\" data-e-type=\"container\">\n\t\t\t\t<div class=\"elementor-element elementor-element-4c7a1fb elementor-widget elementor-widget-heading\" data-id=\"4c7a1fb\" data-element_type=\"widget\" data-e-type=\"widget\" data-widget_type=\"heading.default\">\n\t\t\t\t\t<h2 class=\"elementor-heading-title elementor-size-default\">MERCAN g\u00f8r det nemt<\/h2>\t\t\t\t<\/div>\n\t\t\t\t<div class=\"elementor-element elementor-element-e59bbab elementor-widget elementor-widget-text-editor\" data-id=\"e59bbab\" data-element_type=\"widget\" data-e-type=\"widget\" data-widget_type=\"text-editor.default\">\n\t\t\t\t\t\t\t\t\t<p>Find en ledig tid, book, betal og f\u00e5 altid min. 20% rabat, g\u00e5 til din behandler, s\u00e5 er alt klaret.<\/p>\t\t\t\t\t\t\t\t<\/div>\n\t\t\t\t<div class=\"elementor-element elementor-element-675b779 elementor-align-left elementor-widget elementor-widget-button\" data-id=\"675b779\" data-element_type=\"widget\" data-e-type=\"widget\" data-widget_type=\"button.default\">\n\t\t\t\t\t\t\t\t\t\t<a class=\"elementor-button elementor-button-link elementor-size-sm\" href=\"#\">\n\t\t\t\t\t\t<span class=\"elementor-button-content-wrapper\">\n\t\t\t\t\t\t\t\t\t<span class=\"elementor-button-text\">L\u00e6s mere<\/span>\n\t\t\t\t\t<\/span>\n\t\t\t\t\t<\/a>\n\t\t\t\t\t\t\t\t<\/div>\n\t\t\t\t<div class=\"elementor-element elementor-element-bdf2747 elementor-widget elementor-widget-image\" data-id=\"bdf2747\" data-element_type=\"widget\" data-e-type=\"widget\" data-widget_type=\"image.default\">\n\t\t\t\t\t\t\t\t\t\t\t\t\t\t\t<img decoding=\"async\" data-src=\"https:\/\/mercan.nu\/wp-content\/uploads\/2025\/02\/main-logo.1bc2b827.svg\" class=\"attachment-full size-full wp-image-184 lazyload\" alt=\"\" src=\"data:image\/svg+xml;base64,PHN2ZyB3aWR0aD0iMSIgaGVpZ2h0PSIxIiB4bWxucz0iaHR0cDovL3d3dy53My5vcmcvMjAwMC9zdmciPjwvc3ZnPg==\" \/>\t\t\t\t\t\t\t\t\t\t\t\t\t\t\t<\/div>\n\t\t<div class=\"elementor-element elementor-element-f7a5385 e-con-full e-flex e-con e-child\" data-id=\"f7a5385\" data-element_type=\"container\" data-e-type=\"container\">\n\t\t\t\t<div class=\"elementor-element elementor-element-656eec5 elementor-widget elementor-widget-image\" data-id=\"656eec5\" data-element_type=\"widget\" data-e-type=\"widget\" data-widget_type=\"image.default\">\n\t\t\t\t\t\t\t\t\t\t\t\t\t\t\t\t<a href=\"https:\/\/apps.apple.com\/dk\/app\/mercan-booking\/id6503253245\">\n\t\t\t\t\t\t\t<img decoding=\"async\" width=\"150\" height=\"40\" data-src=\"https:\/\/mercan.nu\/wp-content\/uploads\/2025\/02\/StoreApp-Store-TypeDark-LanguageEnglish-2.svg\" class=\"attachment-full size-full wp-image-1015 lazyload\" alt=\"\" src=\"data:image\/svg+xml;base64,PHN2ZyB3aWR0aD0iMSIgaGVpZ2h0PSIxIiB4bWxucz0iaHR0cDovL3d3dy53My5vcmcvMjAwMC9zdmciPjwvc3ZnPg==\" style=\"--smush-placeholder-width: 150px; --smush-placeholder-aspect-ratio: 150\/40;\" \/>\t\t\t\t\t\t\t\t<\/a>\n\t\t\t\t\t\t\t\t\t\t\t\t\t\t\t<\/div>\n\t\t\t\t<div class=\"elementor-element elementor-element-23cfcd6 elementor-widget elementor-widget-image\" data-id=\"23cfcd6\" data-element_type=\"widget\" data-e-type=\"widget\" data-widget_type=\"image.default\">\n\t\t\t\t\t\t\t\t\t\t\t\t\t\t\t\t<a href=\"https:\/\/play.google.com\/store\/apps\/details?id=nu.mercan.app\">\n\t\t\t\t\t\t\t<img decoding=\"async\" width=\"150\" height=\"40\" data-src=\"https:\/\/mercan.nu\/wp-content\/uploads\/2025\/02\/StoreGoogle-Play-TypeDark-LanguageEnglish-2.svg\" class=\"attachment-full size-full wp-image-1016 lazyload\" alt=\"\" src=\"data:image\/svg+xml;base64,PHN2ZyB3aWR0aD0iMSIgaGVpZ2h0PSIxIiB4bWxucz0iaHR0cDovL3d3dy53My5vcmcvMjAwMC9zdmciPjwvc3ZnPg==\" style=\"--smush-placeholder-width: 150px; --smush-placeholder-aspect-ratio: 150\/40;\" \/>\t\t\t\t\t\t\t\t<\/a>\n\t\t\t\t\t\t\t\t\t\t\t\t\t\t\t<\/div>\n\t\t\t\t<\/div>\n\t\t\t\t<\/div>\n\t\t\t\t\t<\/div>\n\t\t\t\t<\/div>\n\t\t\t\t<\/div>","protected":false},"excerpt":{"rendered":"<p>Skal din klinik holde sommerlukket? F\u00e5 6 konkrete r\u00e5d til \u00f8konomi, booking og planl\u00e6gning, s\u00e5 du kan holde ferie med ro i maven. Tid til sommerferie \u2013 eller bare ferie generelt \u2013 kan, helt \u00e6rligt, f\u00f8les som en mavepuster for de fleste selvst\u00e6ndige. Det er der bare ikke s\u00e5 mange, der taler om. For man [&hellip;]<\/p>","protected":false},"author":2,"featured_media":2017,"comment_status":"open","ping_status":"open","sticky":false,"template":"elementor_header_footer","format":"standard","meta":{"_acf_changed":false,"footnotes":""},"categories":[23],"tags":[],"class_list":["post-2015","post","type-post","status-publish","format-standard","has-post-thumbnail","hentry","category-blog"],"acf":[],"yoast_head":"<!-- This site is optimized with the Yoast SEO plugin v27.4 - https:\/\/yoast.com\/product\/yoast-seo-wordpress\/ -->\n<title>Skal din klinik holde sommerlukket? Her er 6 ting, du skal forberede dig p\u00e5 \u2013 b\u00e5de \u00f8konomisk og praktisk\u00a0 - Mercan<\/title>\n<meta name=\"description\" content=\"Skal din klinik holde sommerlukket? F\u00e5 6 konkrete r\u00e5d til \u00f8konomi, booking og planl\u00e6gning, s\u00e5 du kan holde ferie med ro i maven.\" \/>\n<meta name=\"robots\" content=\"index, follow, max-snippet:-1, max-image-preview:large, max-video-preview:-1\" \/>\n<link rel=\"canonical\" href=\"https:\/\/mercan.nu\/en\/blog\/skal-din-klinik-holde-sommerlukket-her-er-6-ting-du-skal-forberede-dig-paa-baade-oekonomisk-og-praktisk-2\/\" \/>\n<meta property=\"og:locale\" content=\"en_GB\" \/>\n<meta property=\"og:type\" content=\"article\" \/>\n<meta property=\"og:title\" content=\"Skal din klinik holde sommerlukket? Her er 6 ting, du skal forberede dig p\u00e5 \u2013 b\u00e5de \u00f8konomisk og praktisk\u00a0 - Mercan\" \/>\n<meta property=\"og:description\" content=\"Skal din klinik holde sommerlukket? F\u00e5 6 konkrete r\u00e5d til \u00f8konomi, booking og planl\u00e6gning, s\u00e5 du kan holde ferie med ro i maven.\" \/>\n<meta property=\"og:url\" content=\"https:\/\/mercan.nu\/en\/blog\/skal-din-klinik-holde-sommerlukket-her-er-6-ting-du-skal-forberede-dig-paa-baade-oekonomisk-og-praktisk-2\/\" \/>\n<meta property=\"og:site_name\" content=\"Mercan\" \/>\n<meta property=\"article:published_time\" content=\"2025-07-09T07:14:05+00:00\" \/>\n<meta property=\"article:modified_time\" content=\"2025-07-13T14:50:44+00:00\" \/>\n<meta property=\"og:image\" content=\"https:\/\/mercan.nu\/wp-content\/uploads\/2025\/07\/c6068a7b-1919-498e-93e2-2729cb95043c.png\" \/>\n\t<meta property=\"og:image:width\" content=\"704\" \/>\n\t<meta property=\"og:image:height\" content=\"384\" \/>\n\t<meta property=\"og:image:type\" content=\"image\/png\" \/>\n<meta name=\"author\" content=\"Susan\" \/>\n<meta name=\"twitter:card\" content=\"summary_large_image\" \/>\n<meta name=\"twitter:label1\" content=\"Written by\" \/>\n\t<meta name=\"twitter:data1\" content=\"Susan\" \/>\n\t<meta name=\"twitter:label2\" content=\"Estimated reading time\" \/>\n\t<meta name=\"twitter:data2\" content=\"4 minutes\" \/>\n<script type=\"application\/ld+json\" class=\"yoast-schema-graph\">{\"@context\":\"https:\\\/\\\/schema.org\",\"@graph\":[{\"@type\":\"Article\",\"@id\":\"https:\\\/\\\/mercan.nu\\\/blog\\\/skal-din-klinik-holde-sommerlukket-her-er-6-ting-du-skal-forberede-dig-paa-baade-oekonomisk-og-praktisk-2\\\/#article\",\"isPartOf\":{\"@id\":\"https:\\\/\\\/mercan.nu\\\/blog\\\/skal-din-klinik-holde-sommerlukket-her-er-6-ting-du-skal-forberede-dig-paa-baade-oekonomisk-og-praktisk-2\\\/\"},\"author\":{\"name\":\"Susan\",\"@id\":\"https:\\\/\\\/mercan.nu\\\/#\\\/schema\\\/person\\\/1bb9eaa9037db5080742ee072b3b8087\"},\"headline\":\"Skal din klinik holde sommerlukket? Her er 6 ting, du skal forberede dig p\u00e5 \u2013 b\u00e5de \u00f8konomisk og praktisk\u00a0\",\"datePublished\":\"2025-07-09T07:14:05+00:00\",\"dateModified\":\"2025-07-13T14:50:44+00:00\",\"mainEntityOfPage\":{\"@id\":\"https:\\\/\\\/mercan.nu\\\/blog\\\/skal-din-klinik-holde-sommerlukket-her-er-6-ting-du-skal-forberede-dig-paa-baade-oekonomisk-og-praktisk-2\\\/\"},\"wordCount\":836,\"commentCount\":0,\"publisher\":{\"@id\":\"https:\\\/\\\/mercan.nu\\\/#organization\"},\"image\":{\"@id\":\"https:\\\/\\\/mercan.nu\\\/blog\\\/skal-din-klinik-holde-sommerlukket-her-er-6-ting-du-skal-forberede-dig-paa-baade-oekonomisk-og-praktisk-2\\\/#primaryimage\"},\"thumbnailUrl\":\"https:\\\/\\\/mercan.nu\\\/wp-content\\\/uploads\\\/2025\\\/07\\\/c6068a7b-1919-498e-93e2-2729cb95043c.png\",\"articleSection\":[\"Blog\"],\"inLanguage\":\"en-GB\",\"potentialAction\":[{\"@type\":\"CommentAction\",\"name\":\"Comment\",\"target\":[\"https:\\\/\\\/mercan.nu\\\/blog\\\/skal-din-klinik-holde-sommerlukket-her-er-6-ting-du-skal-forberede-dig-paa-baade-oekonomisk-og-praktisk-2\\\/#respond\"]}]},{\"@type\":\"WebPage\",\"@id\":\"https:\\\/\\\/mercan.nu\\\/blog\\\/skal-din-klinik-holde-sommerlukket-her-er-6-ting-du-skal-forberede-dig-paa-baade-oekonomisk-og-praktisk-2\\\/\",\"url\":\"https:\\\/\\\/mercan.nu\\\/blog\\\/skal-din-klinik-holde-sommerlukket-her-er-6-ting-du-skal-forberede-dig-paa-baade-oekonomisk-og-praktisk-2\\\/\",\"name\":\"Skal din klinik holde sommerlukket? Her er 6 ting, du skal forberede dig p\u00e5 \u2013 b\u00e5de \u00f8konomisk og praktisk\u00a0 - Mercan\",\"isPartOf\":{\"@id\":\"https:\\\/\\\/mercan.nu\\\/#website\"},\"primaryImageOfPage\":{\"@id\":\"https:\\\/\\\/mercan.nu\\\/blog\\\/skal-din-klinik-holde-sommerlukket-her-er-6-ting-du-skal-forberede-dig-paa-baade-oekonomisk-og-praktisk-2\\\/#primaryimage\"},\"image\":{\"@id\":\"https:\\\/\\\/mercan.nu\\\/blog\\\/skal-din-klinik-holde-sommerlukket-her-er-6-ting-du-skal-forberede-dig-paa-baade-oekonomisk-og-praktisk-2\\\/#primaryimage\"},\"thumbnailUrl\":\"https:\\\/\\\/mercan.nu\\\/wp-content\\\/uploads\\\/2025\\\/07\\\/c6068a7b-1919-498e-93e2-2729cb95043c.png\",\"datePublished\":\"2025-07-09T07:14:05+00:00\",\"dateModified\":\"2025-07-13T14:50:44+00:00\",\"description\":\"Skal din klinik holde sommerlukket? F\u00e5 6 konkrete r\u00e5d til \u00f8konomi, booking og planl\u00e6gning, s\u00e5 du kan holde ferie med ro i maven.\",\"breadcrumb\":{\"@id\":\"https:\\\/\\\/mercan.nu\\\/blog\\\/skal-din-klinik-holde-sommerlukket-her-er-6-ting-du-skal-forberede-dig-paa-baade-oekonomisk-og-praktisk-2\\\/#breadcrumb\"},\"inLanguage\":\"en-GB\",\"potentialAction\":[{\"@type\":\"ReadAction\",\"target\":[\"https:\\\/\\\/mercan.nu\\\/blog\\\/skal-din-klinik-holde-sommerlukket-her-er-6-ting-du-skal-forberede-dig-paa-baade-oekonomisk-og-praktisk-2\\\/\"]}]},{\"@type\":\"ImageObject\",\"inLanguage\":\"en-GB\",\"@id\":\"https:\\\/\\\/mercan.nu\\\/blog\\\/skal-din-klinik-holde-sommerlukket-her-er-6-ting-du-skal-forberede-dig-paa-baade-oekonomisk-og-praktisk-2\\\/#primaryimage\",\"url\":\"https:\\\/\\\/mercan.nu\\\/wp-content\\\/uploads\\\/2025\\\/07\\\/c6068a7b-1919-498e-93e2-2729cb95043c.png\",\"contentUrl\":\"https:\\\/\\\/mercan.nu\\\/wp-content\\\/uploads\\\/2025\\\/07\\\/c6068a7b-1919-498e-93e2-2729cb95043c.png\",\"width\":704,\"height\":384},{\"@type\":\"BreadcrumbList\",\"@id\":\"https:\\\/\\\/mercan.nu\\\/blog\\\/skal-din-klinik-holde-sommerlukket-her-er-6-ting-du-skal-forberede-dig-paa-baade-oekonomisk-og-praktisk-2\\\/#breadcrumb\",\"itemListElement\":[{\"@type\":\"ListItem\",\"position\":1,\"name\":\"Hjem\",\"item\":\"https:\\\/\\\/mercan.nu\\\/\"},{\"@type\":\"ListItem\",\"position\":2,\"name\":\"Skal din klinik holde sommerlukket? Her er 6 ting, du skal forberede dig p\u00e5 \u2013 b\u00e5de \u00f8konomisk og praktisk\u00a0\"}]},{\"@type\":\"WebSite\",\"@id\":\"https:\\\/\\\/mercan.nu\\\/#website\",\"url\":\"https:\\\/\\\/mercan.nu\\\/\",\"name\":\"Mercan\",\"description\":\"MERCAN er en app hvor du kan finde ledige tider hos lokale virksomheder. Undg\u00e5 tidsspild og f\u00e5 nye kunder.\",\"publisher\":{\"@id\":\"https:\\\/\\\/mercan.nu\\\/#organization\"},\"potentialAction\":[{\"@type\":\"SearchAction\",\"target\":{\"@type\":\"EntryPoint\",\"urlTemplate\":\"https:\\\/\\\/mercan.nu\\\/?s={search_term_string}\"},\"query-input\":{\"@type\":\"PropertyValueSpecification\",\"valueRequired\":true,\"valueName\":\"search_term_string\"}}],\"inLanguage\":\"en-GB\"},{\"@type\":\"Organization\",\"@id\":\"https:\\\/\\\/mercan.nu\\\/#organization\",\"name\":\"Mercan\",\"url\":\"https:\\\/\\\/mercan.nu\\\/\",\"logo\":{\"@type\":\"ImageObject\",\"inLanguage\":\"en-GB\",\"@id\":\"https:\\\/\\\/mercan.nu\\\/#\\\/schema\\\/logo\\\/image\\\/\",\"url\":\"https:\\\/\\\/mercan.nu\\\/wp-content\\\/uploads\\\/2025\\\/02\\\/main-logo.1bc2b827.svg\",\"contentUrl\":\"https:\\\/\\\/mercan.nu\\\/wp-content\\\/uploads\\\/2025\\\/02\\\/main-logo.1bc2b827.svg\",\"caption\":\"Mercan\"},\"image\":{\"@id\":\"https:\\\/\\\/mercan.nu\\\/#\\\/schema\\\/logo\\\/image\\\/\"}},{\"@type\":\"Person\",\"@id\":\"https:\\\/\\\/mercan.nu\\\/#\\\/schema\\\/person\\\/1bb9eaa9037db5080742ee072b3b8087\",\"name\":\"Susan\",\"image\":{\"@type\":\"ImageObject\",\"inLanguage\":\"en-GB\",\"@id\":\"https:\\\/\\\/mercan.nu\\\/wp-content\\\/litespeed\\\/avatar\\\/9f35e098bc37772ebf5784454585c817.jpg?ver=1777239405\",\"url\":\"https:\\\/\\\/mercan.nu\\\/wp-content\\\/litespeed\\\/avatar\\\/9f35e098bc37772ebf5784454585c817.jpg?ver=1777239405\",\"contentUrl\":\"https:\\\/\\\/mercan.nu\\\/wp-content\\\/litespeed\\\/avatar\\\/9f35e098bc37772ebf5784454585c817.jpg?ver=1777239405\",\"caption\":\"Susan\"},\"url\":\"https:\\\/\\\/mercan.nu\\\/en\\\/blog\\\/author\\\/susanmercan-nu\\\/\"}]}<\/script>\n<!-- \/ Yoast SEO plugin. -->","yoast_head_json":{"title":"Skal din klinik holde sommerlukket? Her er 6 ting, du skal forberede dig p\u00e5 \u2013 b\u00e5de \u00f8konomisk og praktisk\u00a0 - Mercan","description":"Skal din klinik holde sommerlukket? F\u00e5 6 konkrete r\u00e5d til \u00f8konomi, booking og planl\u00e6gning, s\u00e5 du kan holde ferie med ro i maven.","robots":{"index":"index","follow":"follow","max-snippet":"max-snippet:-1","max-image-preview":"max-image-preview:large","max-video-preview":"max-video-preview:-1"},"canonical":"https:\/\/mercan.nu\/en\/blog\/skal-din-klinik-holde-sommerlukket-her-er-6-ting-du-skal-forberede-dig-paa-baade-oekonomisk-og-praktisk-2\/","og_locale":"en_GB","og_type":"article","og_title":"Skal din klinik holde sommerlukket? Her er 6 ting, du skal forberede dig p\u00e5 \u2013 b\u00e5de \u00f8konomisk og praktisk\u00a0 - Mercan","og_description":"Skal din klinik holde sommerlukket? F\u00e5 6 konkrete r\u00e5d til \u00f8konomi, booking og planl\u00e6gning, s\u00e5 du kan holde ferie med ro i maven.","og_url":"https:\/\/mercan.nu\/en\/blog\/skal-din-klinik-holde-sommerlukket-her-er-6-ting-du-skal-forberede-dig-paa-baade-oekonomisk-og-praktisk-2\/","og_site_name":"Mercan","article_published_time":"2025-07-09T07:14:05+00:00","article_modified_time":"2025-07-13T14:50:44+00:00","og_image":[{"width":704,"height":384,"url":"https:\/\/mercan.nu\/wp-content\/uploads\/2025\/07\/c6068a7b-1919-498e-93e2-2729cb95043c.png","type":"image\/png"}],"author":"Susan","twitter_card":"summary_large_image","twitter_misc":{"Written by":"Susan","Estimated reading time":"4 minutes"},"schema":{"@context":"https:\/\/schema.org","@graph":[{"@type":"Article","@id":"https:\/\/mercan.nu\/blog\/skal-din-klinik-holde-sommerlukket-her-er-6-ting-du-skal-forberede-dig-paa-baade-oekonomisk-og-praktisk-2\/#article","isPartOf":{"@id":"https:\/\/mercan.nu\/blog\/skal-din-klinik-holde-sommerlukket-her-er-6-ting-du-skal-forberede-dig-paa-baade-oekonomisk-og-praktisk-2\/"},"author":{"name":"Susan","@id":"https:\/\/mercan.nu\/#\/schema\/person\/1bb9eaa9037db5080742ee072b3b8087"},"headline":"Skal din klinik holde sommerlukket? Her er 6 ting, du skal forberede dig p\u00e5 \u2013 b\u00e5de \u00f8konomisk og praktisk\u00a0","datePublished":"2025-07-09T07:14:05+00:00","dateModified":"2025-07-13T14:50:44+00:00","mainEntityOfPage":{"@id":"https:\/\/mercan.nu\/blog\/skal-din-klinik-holde-sommerlukket-her-er-6-ting-du-skal-forberede-dig-paa-baade-oekonomisk-og-praktisk-2\/"},"wordCount":836,"commentCount":0,"publisher":{"@id":"https:\/\/mercan.nu\/#organization"},"image":{"@id":"https:\/\/mercan.nu\/blog\/skal-din-klinik-holde-sommerlukket-her-er-6-ting-du-skal-forberede-dig-paa-baade-oekonomisk-og-praktisk-2\/#primaryimage"},"thumbnailUrl":"https:\/\/mercan.nu\/wp-content\/uploads\/2025\/07\/c6068a7b-1919-498e-93e2-2729cb95043c.png","articleSection":["Blog"],"inLanguage":"en-GB","potentialAction":[{"@type":"CommentAction","name":"Comment","target":["https:\/\/mercan.nu\/blog\/skal-din-klinik-holde-sommerlukket-her-er-6-ting-du-skal-forberede-dig-paa-baade-oekonomisk-og-praktisk-2\/#respond"]}]},{"@type":"WebPage","@id":"https:\/\/mercan.nu\/blog\/skal-din-klinik-holde-sommerlukket-her-er-6-ting-du-skal-forberede-dig-paa-baade-oekonomisk-og-praktisk-2\/","url":"https:\/\/mercan.nu\/blog\/skal-din-klinik-holde-sommerlukket-her-er-6-ting-du-skal-forberede-dig-paa-baade-oekonomisk-og-praktisk-2\/","name":"Skal din klinik holde sommerlukket? Her er 6 ting, du skal forberede dig p\u00e5 \u2013 b\u00e5de \u00f8konomisk og praktisk\u00a0 - Mercan","isPartOf":{"@id":"https:\/\/mercan.nu\/#website"},"primaryImageOfPage":{"@id":"https:\/\/mercan.nu\/blog\/skal-din-klinik-holde-sommerlukket-her-er-6-ting-du-skal-forberede-dig-paa-baade-oekonomisk-og-praktisk-2\/#primaryimage"},"image":{"@id":"https:\/\/mercan.nu\/blog\/skal-din-klinik-holde-sommerlukket-her-er-6-ting-du-skal-forberede-dig-paa-baade-oekonomisk-og-praktisk-2\/#primaryimage"},"thumbnailUrl":"https:\/\/mercan.nu\/wp-content\/uploads\/2025\/07\/c6068a7b-1919-498e-93e2-2729cb95043c.png","datePublished":"2025-07-09T07:14:05+00:00","dateModified":"2025-07-13T14:50:44+00:00","description":"Skal din klinik holde sommerlukket? F\u00e5 6 konkrete r\u00e5d til \u00f8konomi, booking og planl\u00e6gning, s\u00e5 du kan holde ferie med ro i maven.","breadcrumb":{"@id":"https:\/\/mercan.nu\/blog\/skal-din-klinik-holde-sommerlukket-her-er-6-ting-du-skal-forberede-dig-paa-baade-oekonomisk-og-praktisk-2\/#breadcrumb"},"inLanguage":"en-GB","potentialAction":[{"@type":"ReadAction","target":["https:\/\/mercan.nu\/blog\/skal-din-klinik-holde-sommerlukket-her-er-6-ting-du-skal-forberede-dig-paa-baade-oekonomisk-og-praktisk-2\/"]}]},{"@type":"ImageObject","inLanguage":"en-GB","@id":"https:\/\/mercan.nu\/blog\/skal-din-klinik-holde-sommerlukket-her-er-6-ting-du-skal-forberede-dig-paa-baade-oekonomisk-og-praktisk-2\/#primaryimage","url":"https:\/\/mercan.nu\/wp-content\/uploads\/2025\/07\/c6068a7b-1919-498e-93e2-2729cb95043c.png","contentUrl":"https:\/\/mercan.nu\/wp-content\/uploads\/2025\/07\/c6068a7b-1919-498e-93e2-2729cb95043c.png","width":704,"height":384},{"@type":"BreadcrumbList","@id":"https:\/\/mercan.nu\/blog\/skal-din-klinik-holde-sommerlukket-her-er-6-ting-du-skal-forberede-dig-paa-baade-oekonomisk-og-praktisk-2\/#breadcrumb","itemListElement":[{"@type":"ListItem","position":1,"name":"Hjem","item":"https:\/\/mercan.nu\/"},{"@type":"ListItem","position":2,"name":"Skal din klinik holde sommerlukket? Her er 6 ting, du skal forberede dig p\u00e5 \u2013 b\u00e5de \u00f8konomisk og praktisk\u00a0"}]},{"@type":"WebSite","@id":"https:\/\/mercan.nu\/#website","url":"https:\/\/mercan.nu\/","name":"Mercan","description":"MERCAN er en app hvor du kan finde ledige tider hos lokale virksomheder. Undg\u00e5 tidsspild og f\u00e5 nye kunder.","publisher":{"@id":"https:\/\/mercan.nu\/#organization"},"potentialAction":[{"@type":"SearchAction","target":{"@type":"EntryPoint","urlTemplate":"https:\/\/mercan.nu\/?s={search_term_string}"},"query-input":{"@type":"PropertyValueSpecification","valueRequired":true,"valueName":"search_term_string"}}],"inLanguage":"en-GB"},{"@type":"Organization","@id":"https:\/\/mercan.nu\/#organization","name":"Mercan","url":"https:\/\/mercan.nu\/","logo":{"@type":"ImageObject","inLanguage":"en-GB","@id":"https:\/\/mercan.nu\/#\/schema\/logo\/image\/","url":"https:\/\/mercan.nu\/wp-content\/uploads\/2025\/02\/main-logo.1bc2b827.svg","contentUrl":"https:\/\/mercan.nu\/wp-content\/uploads\/2025\/02\/main-logo.1bc2b827.svg","caption":"Mercan"},"image":{"@id":"https:\/\/mercan.nu\/#\/schema\/logo\/image\/"}},{"@type":"Person","@id":"https:\/\/mercan.nu\/#\/schema\/person\/1bb9eaa9037db5080742ee072b3b8087","name":"Susan","image":{"@type":"ImageObject","inLanguage":"en-GB","@id":"https:\/\/mercan.nu\/wp-content\/litespeed\/avatar\/9f35e098bc37772ebf5784454585c817.jpg?ver=1777239405","url":"https:\/\/mercan.nu\/wp-content\/litespeed\/avatar\/9f35e098bc37772ebf5784454585c817.jpg?ver=1777239405","contentUrl":"https:\/\/mercan.nu\/wp-content\/litespeed\/avatar\/9f35e098bc37772ebf5784454585c817.jpg?ver=1777239405","caption":"Susan"},"url":"https:\/\/mercan.nu\/en\/blog\/author\/susanmercan-nu\/"}]}},"_links":{"self":[{"href":"https:\/\/mercan.nu\/en\/wp-json\/wp\/v2\/posts\/2015","targetHints":{"allow":["GET"]}}],"collection":[{"href":"https:\/\/mercan.nu\/en\/wp-json\/wp\/v2\/posts"}],"about":[{"href":"https:\/\/mercan.nu\/en\/wp-json\/wp\/v2\/types\/post"}],"author":[{"embeddable":true,"href":"https:\/\/mercan.nu\/en\/wp-json\/wp\/v2\/users\/2"}],"replies":[{"embeddable":true,"href":"https:\/\/mercan.nu\/en\/wp-json\/wp\/v2\/comments?post=2015"}],"version-history":[{"count":20,"href":"https:\/\/mercan.nu\/en\/wp-json\/wp\/v2\/posts\/2015\/revisions"}],"predecessor-version":[{"id":2053,"href":"https:\/\/mercan.nu\/en\/wp-json\/wp\/v2\/posts\/2015\/revisions\/2053"}],"wp:featuredmedia":[{"embeddable":true,"href":"https:\/\/mercan.nu\/en\/wp-json\/wp\/v2\/media\/2017"}],"wp:attachment":[{"href":"https:\/\/mercan.nu\/en\/wp-json\/wp\/v2\/media?parent=2015"}],"wp:term":[{"taxonomy":"category","embeddable":true,"href":"https:\/\/mercan.nu\/en\/wp-json\/wp\/v2\/categories?post=2015"},{"taxonomy":"post_tag","embeddable":true,"href":"https:\/\/mercan.nu\/en\/wp-json\/wp\/v2\/tags?post=2015"}],"curies":[{"name":"wp","href":"https:\/\/api.w.org\/{rel}","templated":true}]}}